{"id":7518,"date":"2016-11-09T08:27:09","date_gmt":"2016-11-09T07:27:09","guid":{"rendered":"https:\/\/ufuq.de\/en\/?p=7518"},"modified":"2022-03-18T11:41:42","modified_gmt":"2022-03-18T11:41:42","slug":"my-story-our-history-adolescents-discuss-the-historical-events-that-are-important-to-them","status":"publish","type":"post","link":"https:\/\/www.ufuq.de\/en\/aktuelles\/my-story-our-history-adolescents-discuss-the-historical-events-that-are-important-to-them\/","title":{"rendered":"My story \u2013 our history: Adolescents discuss the historical events that are important to them"},"content":{"rendered":"<h4>The 9th of November was a fateful day in German history: It coincides with the proclamation of the Weimar Republic in 1918, Pogrom Night (&#8216;Night of Broken Glass&#8217;) in 1938 and the fall of the Berlin Wall in 1989. For today\u2019s students much of this already seems like ancient history. They weren\u2019t yet born and in many cases, their parents and grandparents hadn\u2019t migrated to Germany yet. What significance do these dates have for youths? What other dates are important to them? Julia Gerlach and Aylin Yava\u015f spoke with 10th graders from Robert-Koch-Schule in Berlin-Kreuzberg about this. The following is an interview transcript.<\/h4>\n<p><b>Aylin Yava\u015f:<\/b> <em>Thank you for joining us for this discussion. We are interested in knowing which historical events have significance for you. Let me start by saying that, for me, the 30th of August 2010, is an important date. This is when Thilo Sarrazin\u2018s book Deutschland schafft sich ab was released. I remember this date very clearly: I was at school taking an advanced politics class. My teacher brought this book to the lesson and we read some excerpts out loud. I was taken aback by the fact that it had apparently become socially acceptable to spread such racist drivel. It\u2019s one of the main reasons why I now deal with this topic both at university and professionally.<\/em><\/p>\n<p><b>Julia Gerlach:<\/b> <em>There are many days that I could say had an impact on my life: My wedding day, for example, or the day my father died. But today our discussion is not about personal events and so 9 November 1989, when the wall came down, is indeed a true watershed for me. At the time, I was living in a flat-sharing community and my American roommate exclaimed: &#8216;Hey guys, your wall fell!&#8217; I didn\u2019t believe him until I switched on the television. It\u2019s typical that one can remember such momentous days \u2013 and also know exactly what one was doing when first hearing the news. What such eventful dates also have in common is that they change one\u2019s own life. \u00a0What are the events that play such a role in your lives?<\/em><\/p>\n<p><b>Aylin S.:<\/b> This summer there was a military coup attempt in Turkey. It caused a lot of arguments in my family and it was a very stressful day for me.<\/p>\n<p><b>Wassim:<\/b> For me, the beginning of the Jasmine Revolution in Tunisia was such an important historical event. Since I\u2019m half-Tunisian, I am affected by changes that occur in that country. Even though true democratization has not taken place, something important nonetheless has happened. And it also had an influence recent history: Syria has disintegrated, terror is on the rise and that too impacts Europe. I am personally affected because I worry about my family and the other Tunisians. I ask myself whether they are fine or whether they are being oppressed by the government.<\/p>\n<p><b>Amira:<\/b> In recent times, there have been several terror attacks here in Europe, for example, in Paris. This affects one\u2019s sense of security here in Germany. People are more afraid and they worry more. Since terror has now gotten closer, people are more concerned. For me that\u2019s not really a new development because I\u2019m both German and Palestinian and Palestine has been in the grip of violence for a long time. But terror in Europe has changed my immediate environment: There are more discussions and there\u2019s more fear. There is also more right wing extremism \u2013 the rise of the AfD attests to that.<\/p>\n<p><b>Aylin S.:<\/b> My circle of friends also experiences this fear. We feel a sense of panic when we visit public places.<\/p>\n<p><b>Burak:<\/b> You can also tell by the lack of tourists from countries in which war and terror is being waged.<\/p>\n<p><b>Aylin S.:<\/b> I\u2019m often told not to go to crowded places \u2013 such as Alexanderplatz, for example. Or other major public events including the street festival &#8216;<i>Karneval der Kulturen&#8217;<\/i>. You almost expect an attack. But I went to the festival anyway. It\u2019s more than just fear; it\u2019s real paranoia. Terror really has changed our lives.<\/p>\n<p><b>Wassim:<\/b> It makes me very angry when people like Donald Trump exploit this fear. The people who voted for him assume that they are personally powerless and support him in the hope that &#8216;the great Donald&#8217; can finally effect change.<\/p>\n<p><b>Julia Gerlach:<\/b> <em>Let us hope that November 8th 2016 doesn\u2019t become an historical day because Donald Trump is elected on that day! We will wind up this round for now and show you some photos. They show various historical events. Have a look and tell us which of these events have significance for you \u2013 something that you relate to. So, who would like to start?<\/em><\/p>\n<p><b>Ramies:<\/b> I have a photo of PEGIDA as they demonstrate against the &#8216;Islamization of the Western World&#8217; in Dresden and other cities. That makes me angry because I am a Muslim myself.<\/p>\n<p><b>Mert:<\/b> Since we live in a country with freedom of speech, they are allowed to say that.<\/p>\n<p><b>Amira:<\/b> I agree that it\u2019s important to be allowed to speak one\u2019s mind but it still makes me angry when they say that Islam doesn\u2019t belong to Germany. It\u2019s totally sad to see how many people share this opinion and join such demonstrations.<\/p>\n<p><b>Aylin S.:<\/b> And it\u2019s also racist to say that.<\/p>\n<p><b>Dila:<\/b> I chose the protests against Erdo\u011fan\u2019s government on Taksim Square. I\u2019ve been in Germany for just two months; before that I lived in Turkey. When Erod\u011fan became president, everything in Turkey changed. I even got into fights with my friends about it. Turkey used to be on a much better path but now it\u2019s like a dictatorship. So the turning point wasn\u2019t the president\u2019s election but rather the changes he instituted.<\/p>\n<p><b>Aylin Yava\u015f:<\/b> <em>The Taskim Square demonstrations probably also mark the juncture when it became visible that there are actually people who don\u2019t agree with the government.<\/em><\/p>\n<p><b>Aylin S.:<\/b> I chose an event that doesn\u2019t even really relate to me: the Srebrenica Massacre. A friend of mind told me that his father was killed there. This part of history really touched me and interests me because it\u2019s so little known.<\/p>\n<p><b>Mert:<\/b> &#8216;2014 when Germany became the football world champion \u2026 that really touched me (the class laughs out). Now I can show off about it in Turkey. I goad them by saying: &#8216;So, we\u2019re the world champs \u2013 what about you?<\/p>\n<p><b>Bekcan:<\/b> \u00a0Who cares \u2013 it has no effect on us.<\/p>\n<p><b>Mert:<\/b> But you live in Germany \u2013 doesn\u2019t it make you happy when everyone else is happy?<\/p>\n<p><b>Tu\u011f\u00e7e:<\/b> Yes, sure, I was also happy at that moment but it\u2019s not an event that I will still remember in ten years.<\/p>\n<p><b>Meltem<\/b>: For me, that\u2019s not an historical event because I\u2019m not interested in the German football team \u2013 if Turkey had won I would have identified more with that.<\/p>\n<p><b>Wassim:<\/b> If I were interested in football, I might consider it an important event too. I too have specific interests and there are certain events that have meaning to me because of that. Everyone is different in that respect and you have to take that seriously.<\/p>\n<p><b>Amina:<\/b> The world championships were one of just a few happy events that we addressed. So that alone might make it something special, an occasion to celebrate and have fun \u2013 without victims.<\/p>\n<p><b>Gizem:<\/b> I chose the French Revolution. Obviously, I wasn\u2019t there but I think it\u2019s meaningful that people stood up for their rights. Europe would probably be a different place had it not been for the French Revolution and the ideas it embraced. And then there\u2019s the nuclear catastrophe of Fukushima in 2011. I wasn\u2019t very aware of it at the time but now there are a lot of demonstrations against nuclear power plants and there is a heightened consciousness about it.<\/p>\n<p><b>Amina:<\/b> I chose the 2014 war in Gaza. I still remember it clearly. My aunt lives in Gaza and my grandmother kept trying to reach her the entire time but she never answered the phone. My cousin lost a leg in that war. We don\u2019t go to Palestine for vacations because my mother thinks it\u2019s too dangerous.<\/p>\n<p><b>Julia Gerlach:<\/b> <em>If you could decide which event should be introduced as a national day of remembrance \u2013 or national holiday \u2013 which event would that be?<\/em><\/p>\n<p><b>Aylin S.:<\/b> I would designate the massacre of Srebrenica as a day of mourning so that this event is never forgotten.<\/p>\n<p><b>Ramies:<\/b> I think we should treat the war in Gaza the same way we treat 9\/11.<\/p>\n<p><b>Ahmet:<\/b> I don\u2019t think it will be possible to agree on one particular day. There are too many differing opinions and stories.<\/p>\n<p><b>Julia Gerlach:<\/b> <em>So, do you think that everyone should get to take off one day each year to commemorate a very special event? But aren\u2019t official holidays meant to bring together the people of one nation so that they can jointly commemorate an event that was meaningful for them as a nation?<\/em><\/p>\n<p><b>Wassim:<\/b> To be honest, I don\u2019t think that those kinds of national holidays pan out the way you expect. Most of the people would just enjoy a day off. I\u2019m actually an optimist but I think you have to be realistic and honest about that.<\/p>\n<p><b>Aylin Yava\u015f:<\/b> <em>While I\u2019m aware of what happened on 3 October, I don\u2019t sit around at home thinking about the German division because I didn\u2019t experience it. But, when it\u2019s September 11th, I remember what happened and how my mother let me into our home after school and tried to explain the pictures running on our television. As part of the discussion, it became clear that it is primarily the events that you witnessed yourself that are important \u2026events that you can relate to.<\/em><\/p>\n<p><b>Amina:<\/b> Maybe it\u2019s always like that on such public holidays: Some people commemorate but for others it\u2019s just a day off.<\/p>\n<p><strong>We would like to express our appreciation for this discussion to the students and instructor of the philosophy course!<\/strong><\/p>\n","protected":false},"excerpt":{"rendered":"<p>The 9th of November was a fateful day in German history: It coincides with the proclamation of the Weimar Republic in 1918, Pogrom Night (&#8216;Night of Broken Glass&#8217;) in 1938 and the fall of the Berlin Wall in 1989. For today\u2019s students much of this already seems like ancient history. They weren\u2019t yet born and [&hellip;]<\/p>\n","protected":false},"author":1,"featured_media":24838,"comment_status":"closed","ping_status":"closed","sticky":false,"template":"","format":"standard","meta":{"_acf_changed":false,"inline_featured_image":false,"footnotes":""},"categories":[37],"tags":[2005,2006,2007],"class_list":["post-7518","post","type-post","status-publish","format-standard","has-post-thumbnail","hentry","category-uncategorized","tag-civic-educatio","tag-history","tag-memory-politics"],"acf":[],"yoast_head":"<!-- This site is optimized with the Yoast SEO plugin v27.5 - https:\/\/yoast.com\/product\/yoast-seo-wordpress\/ -->\n<title>My story \u2013 our history: Adolescents discuss the historical events that are important to them &#8211; ufuq.de<\/title>\n<meta name=\"robots\" content=\"index, follow, max-snippet:-1, max-image-preview:large, max-video-preview:-1\" \/>\n<link rel=\"canonical\" href=\"https:\/\/www.ufuq.de\/en\/aktuelles\/my-story-our-history-adolescents-discuss-the-historical-events-that-are-important-to-them\/\" \/>\n<meta property=\"og:locale\" content=\"en_US\" \/>\n<meta property=\"og:type\" content=\"article\" \/>\n<meta property=\"og:title\" content=\"My story \u2013 our history: Adolescents discuss the historical events that are important to them &#8211; ufuq.de\" \/>\n<meta property=\"og:description\" content=\"The 9th of November was a fateful day in German history: It coincides with the proclamation of the Weimar Republic in 1918, Pogrom Night (&#8216;Night of Broken Glass&#8217;) in 1938 and the fall of the Berlin Wall in 1989. For today\u2019s students much of this already seems like ancient history. They weren\u2019t yet born and [&hellip;]\" \/>\n<meta property=\"og:url\" content=\"https:\/\/www.ufuq.de\/en\/aktuelles\/my-story-our-history-adolescents-discuss-the-historical-events-that-are-important-to-them\/\" \/>\n<meta property=\"og:site_name\" content=\"ufuq.de\" \/>\n<meta property=\"article:publisher\" content=\"https:\/\/www.facebook.com\/ufuq.de\" \/>\n<meta property=\"article:published_time\" content=\"2016-11-09T07:27:09+00:00\" \/>\n<meta property=\"article:modified_time\" content=\"2022-03-18T11:41:42+00:00\" \/>\n<meta property=\"og:image\" content=\"https:\/\/www.ufuq.de\/wp-content\/uploads\/2022\/03\/1-hist-ereign.jpg\" \/>\n\t<meta property=\"og:image:width\" content=\"276\" \/>\n\t<meta property=\"og:image:height\" content=\"276\" \/>\n\t<meta property=\"og:image:type\" content=\"image\/jpeg\" \/>\n<meta name=\"author\" content=\"admin\" \/>\n<meta name=\"twitter:card\" content=\"summary_large_image\" \/>\n<meta name=\"twitter:creator\" content=\"@ufuq_de\" \/>\n<meta name=\"twitter:site\" content=\"@ufuq_de\" \/>\n<meta name=\"twitter:label1\" content=\"Written by\" \/>\n\t<meta name=\"twitter:data1\" content=\"admin\" \/>\n\t<meta name=\"twitter:label2\" content=\"Est. reading time\" \/>\n\t<meta name=\"twitter:data2\" content=\"9 minutes\" \/>\n<script type=\"application\/ld+json\" class=\"yoast-schema-graph\">{\"@context\":\"https:\\\/\\\/schema.org\",\"@graph\":[{\"@type\":\"Article\",\"@id\":\"https:\\\/\\\/www.ufuq.de\\\/en\\\/aktuelles\\\/my-story-our-history-adolescents-discuss-the-historical-events-that-are-important-to-them\\\/#article\",\"isPartOf\":{\"@id\":\"https:\\\/\\\/www.ufuq.de\\\/en\\\/aktuelles\\\/my-story-our-history-adolescents-discuss-the-historical-events-that-are-important-to-them\\\/\"},\"author\":{\"name\":\"admin\",\"@id\":\"https:\\\/\\\/www.ufuq.de\\\/#\\\/schema\\\/person\\\/eea8c724421c1d9aee65cfca6bb3ea5f\"},\"headline\":\"My story \u2013 our history: Adolescents discuss the historical events that are important to them\",\"datePublished\":\"2016-11-09T07:27:09+00:00\",\"dateModified\":\"2022-03-18T11:41:42+00:00\",\"mainEntityOfPage\":{\"@id\":\"https:\\\/\\\/www.ufuq.de\\\/en\\\/aktuelles\\\/my-story-our-history-adolescents-discuss-the-historical-events-that-are-important-to-them\\\/\"},\"wordCount\":1714,\"publisher\":{\"@id\":\"https:\\\/\\\/www.ufuq.de\\\/#organization\"},\"image\":{\"@id\":\"https:\\\/\\\/www.ufuq.de\\\/en\\\/aktuelles\\\/my-story-our-history-adolescents-discuss-the-historical-events-that-are-important-to-them\\\/#primaryimage\"},\"thumbnailUrl\":\"https:\\\/\\\/www.ufuq.de\\\/wp-content\\\/uploads\\\/2022\\\/03\\\/1-hist-ereign.jpg\",\"keywords\":[\"civic educatio\",\"history\",\"memory politics\"],\"inLanguage\":\"en-US\"},{\"@type\":\"WebPage\",\"@id\":\"https:\\\/\\\/www.ufuq.de\\\/en\\\/aktuelles\\\/my-story-our-history-adolescents-discuss-the-historical-events-that-are-important-to-them\\\/\",\"url\":\"https:\\\/\\\/www.ufuq.de\\\/en\\\/aktuelles\\\/my-story-our-history-adolescents-discuss-the-historical-events-that-are-important-to-them\\\/\",\"name\":\"My story \u2013 our history: Adolescents discuss the historical events that are important to them &#8211; ufuq.de\",\"isPartOf\":{\"@id\":\"https:\\\/\\\/www.ufuq.de\\\/#website\"},\"primaryImageOfPage\":{\"@id\":\"https:\\\/\\\/www.ufuq.de\\\/en\\\/aktuelles\\\/my-story-our-history-adolescents-discuss-the-historical-events-that-are-important-to-them\\\/#primaryimage\"},\"image\":{\"@id\":\"https:\\\/\\\/www.ufuq.de\\\/en\\\/aktuelles\\\/my-story-our-history-adolescents-discuss-the-historical-events-that-are-important-to-them\\\/#primaryimage\"},\"thumbnailUrl\":\"https:\\\/\\\/www.ufuq.de\\\/wp-content\\\/uploads\\\/2022\\\/03\\\/1-hist-ereign.jpg\",\"datePublished\":\"2016-11-09T07:27:09+00:00\",\"dateModified\":\"2022-03-18T11:41:42+00:00\",\"breadcrumb\":{\"@id\":\"https:\\\/\\\/www.ufuq.de\\\/en\\\/aktuelles\\\/my-story-our-history-adolescents-discuss-the-historical-events-that-are-important-to-them\\\/#breadcrumb\"},\"inLanguage\":\"en-US\",\"potentialAction\":[{\"@type\":\"ReadAction\",\"target\":[\"https:\\\/\\\/www.ufuq.de\\\/en\\\/aktuelles\\\/my-story-our-history-adolescents-discuss-the-historical-events-that-are-important-to-them\\\/\"]}]},{\"@type\":\"ImageObject\",\"inLanguage\":\"en-US\",\"@id\":\"https:\\\/\\\/www.ufuq.de\\\/en\\\/aktuelles\\\/my-story-our-history-adolescents-discuss-the-historical-events-that-are-important-to-them\\\/#primaryimage\",\"url\":\"https:\\\/\\\/www.ufuq.de\\\/wp-content\\\/uploads\\\/2022\\\/03\\\/1-hist-ereign.jpg\",\"contentUrl\":\"https:\\\/\\\/www.ufuq.de\\\/wp-content\\\/uploads\\\/2022\\\/03\\\/1-hist-ereign.jpg\",\"width\":276,\"height\":276},{\"@type\":\"BreadcrumbList\",\"@id\":\"https:\\\/\\\/www.ufuq.de\\\/en\\\/aktuelles\\\/my-story-our-history-adolescents-discuss-the-historical-events-that-are-important-to-them\\\/#breadcrumb\",\"itemListElement\":[{\"@type\":\"ListItem\",\"position\":1,\"name\":\"Startseite\",\"item\":\"https:\\\/\\\/www.ufuq.de\\\/en\\\/\"},{\"@type\":\"ListItem\",\"position\":2,\"name\":\"My story \u2013 our history: Adolescents discuss the historical events that are important to them\"}]},{\"@type\":\"WebSite\",\"@id\":\"https:\\\/\\\/www.ufuq.de\\\/#website\",\"url\":\"https:\\\/\\\/www.ufuq.de\\\/\",\"name\":\"ufuq.de\",\"description\":\"Politische Bildung und Pr\u00e4vention von religi\u00f6s begr\u00fcndeter Radikalisierung\",\"publisher\":{\"@id\":\"https:\\\/\\\/www.ufuq.de\\\/#organization\"},\"potentialAction\":[{\"@type\":\"SearchAction\",\"target\":{\"@type\":\"EntryPoint\",\"urlTemplate\":\"https:\\\/\\\/www.ufuq.de\\\/?s={search_term_string}\"},\"query-input\":{\"@type\":\"PropertyValueSpecification\",\"valueRequired\":true,\"valueName\":\"search_term_string\"}}],\"inLanguage\":\"en-US\"},{\"@type\":\"Organization\",\"@id\":\"https:\\\/\\\/www.ufuq.de\\\/#organization\",\"name\":\"Ufuq e. V.\",\"url\":\"https:\\\/\\\/www.ufuq.de\\\/\",\"logo\":{\"@type\":\"ImageObject\",\"inLanguage\":\"en-US\",\"@id\":\"https:\\\/\\\/www.ufuq.de\\\/#\\\/schema\\\/logo\\\/image\\\/\",\"url\":\"https:\\\/\\\/www.ufuq.de\\\/wp-content\\\/uploads\\\/2022\\\/03\\\/ufuq-Logo-weiss-auf-Orange_solo567x567-1.png\",\"contentUrl\":\"https:\\\/\\\/www.ufuq.de\\\/wp-content\\\/uploads\\\/2022\\\/03\\\/ufuq-Logo-weiss-auf-Orange_solo567x567-1.png\",\"width\":567,\"height\":567,\"caption\":\"Ufuq e. V.\"},\"image\":{\"@id\":\"https:\\\/\\\/www.ufuq.de\\\/#\\\/schema\\\/logo\\\/image\\\/\"},\"sameAs\":[\"https:\\\/\\\/www.facebook.com\\\/ufuq.de\",\"https:\\\/\\\/x.com\\\/ufuq_de\",\"https:\\\/\\\/www.instagram.com\\\/ufuq.de\"]},{\"@type\":\"Person\",\"@id\":\"https:\\\/\\\/www.ufuq.de\\\/#\\\/schema\\\/person\\\/eea8c724421c1d9aee65cfca6bb3ea5f\",\"name\":\"admin\",\"image\":{\"@type\":\"ImageObject\",\"inLanguage\":\"en-US\",\"@id\":\"https:\\\/\\\/secure.gravatar.com\\\/avatar\\\/ec27c402b7a1f909020da1b88405d43b4f29a7bd4d573cc3e44654cf0d0aeaf6?s=96&d=mm&r=g\",\"url\":\"https:\\\/\\\/secure.gravatar.com\\\/avatar\\\/ec27c402b7a1f909020da1b88405d43b4f29a7bd4d573cc3e44654cf0d0aeaf6?s=96&d=mm&r=g\",\"contentUrl\":\"https:\\\/\\\/secure.gravatar.com\\\/avatar\\\/ec27c402b7a1f909020da1b88405d43b4f29a7bd4d573cc3e44654cf0d0aeaf6?s=96&d=mm&r=g\",\"caption\":\"admin\"},\"sameAs\":[\"https:\\\/\\\/ufuq.de\"]}]}<\/script>\n<!-- \/ Yoast SEO plugin. -->","yoast_head_json":{"title":"My story \u2013 our history: Adolescents discuss the historical events that are important to them &#8211; ufuq.de","robots":{"index":"index","follow":"follow","max-snippet":"max-snippet:-1","max-image-preview":"max-image-preview:large","max-video-preview":"max-video-preview:-1"},"canonical":"https:\/\/www.ufuq.de\/en\/aktuelles\/my-story-our-history-adolescents-discuss-the-historical-events-that-are-important-to-them\/","og_locale":"en_US","og_type":"article","og_title":"My story \u2013 our history: Adolescents discuss the historical events that are important to them &#8211; ufuq.de","og_description":"The 9th of November was a fateful day in German history: It coincides with the proclamation of the Weimar Republic in 1918, Pogrom Night (&#8216;Night of Broken Glass&#8217;) in 1938 and the fall of the Berlin Wall in 1989. For today\u2019s students much of this already seems like ancient history. They weren\u2019t yet born and [&hellip;]","og_url":"https:\/\/www.ufuq.de\/en\/aktuelles\/my-story-our-history-adolescents-discuss-the-historical-events-that-are-important-to-them\/","og_site_name":"ufuq.de","article_publisher":"https:\/\/www.facebook.com\/ufuq.de","article_published_time":"2016-11-09T07:27:09+00:00","article_modified_time":"2022-03-18T11:41:42+00:00","og_image":[{"width":276,"height":276,"url":"https:\/\/www.ufuq.de\/wp-content\/uploads\/2022\/03\/1-hist-ereign.jpg","type":"image\/jpeg"}],"author":"admin","twitter_card":"summary_large_image","twitter_creator":"@ufuq_de","twitter_site":"@ufuq_de","twitter_misc":{"Written by":"admin","Est. reading time":"9 minutes"},"schema":{"@context":"https:\/\/schema.org","@graph":[{"@type":"Article","@id":"https:\/\/www.ufuq.de\/en\/aktuelles\/my-story-our-history-adolescents-discuss-the-historical-events-that-are-important-to-them\/#article","isPartOf":{"@id":"https:\/\/www.ufuq.de\/en\/aktuelles\/my-story-our-history-adolescents-discuss-the-historical-events-that-are-important-to-them\/"},"author":{"name":"admin","@id":"https:\/\/www.ufuq.de\/#\/schema\/person\/eea8c724421c1d9aee65cfca6bb3ea5f"},"headline":"My story \u2013 our history: Adolescents discuss the historical events that are important to them","datePublished":"2016-11-09T07:27:09+00:00","dateModified":"2022-03-18T11:41:42+00:00","mainEntityOfPage":{"@id":"https:\/\/www.ufuq.de\/en\/aktuelles\/my-story-our-history-adolescents-discuss-the-historical-events-that-are-important-to-them\/"},"wordCount":1714,"publisher":{"@id":"https:\/\/www.ufuq.de\/#organization"},"image":{"@id":"https:\/\/www.ufuq.de\/en\/aktuelles\/my-story-our-history-adolescents-discuss-the-historical-events-that-are-important-to-them\/#primaryimage"},"thumbnailUrl":"https:\/\/www.ufuq.de\/wp-content\/uploads\/2022\/03\/1-hist-ereign.jpg","keywords":["civic educatio","history","memory politics"],"inLanguage":"en-US"},{"@type":"WebPage","@id":"https:\/\/www.ufuq.de\/en\/aktuelles\/my-story-our-history-adolescents-discuss-the-historical-events-that-are-important-to-them\/","url":"https:\/\/www.ufuq.de\/en\/aktuelles\/my-story-our-history-adolescents-discuss-the-historical-events-that-are-important-to-them\/","name":"My story \u2013 our history: Adolescents discuss the historical events that are important to them &#8211; ufuq.de","isPartOf":{"@id":"https:\/\/www.ufuq.de\/#website"},"primaryImageOfPage":{"@id":"https:\/\/www.ufuq.de\/en\/aktuelles\/my-story-our-history-adolescents-discuss-the-historical-events-that-are-important-to-them\/#primaryimage"},"image":{"@id":"https:\/\/www.ufuq.de\/en\/aktuelles\/my-story-our-history-adolescents-discuss-the-historical-events-that-are-important-to-them\/#primaryimage"},"thumbnailUrl":"https:\/\/www.ufuq.de\/wp-content\/uploads\/2022\/03\/1-hist-ereign.jpg","datePublished":"2016-11-09T07:27:09+00:00","dateModified":"2022-03-18T11:41:42+00:00","breadcrumb":{"@id":"https:\/\/www.ufuq.de\/en\/aktuelles\/my-story-our-history-adolescents-discuss-the-historical-events-that-are-important-to-them\/#breadcrumb"},"inLanguage":"en-US","potentialAction":[{"@type":"ReadAction","target":["https:\/\/www.ufuq.de\/en\/aktuelles\/my-story-our-history-adolescents-discuss-the-historical-events-that-are-important-to-them\/"]}]},{"@type":"ImageObject","inLanguage":"en-US","@id":"https:\/\/www.ufuq.de\/en\/aktuelles\/my-story-our-history-adolescents-discuss-the-historical-events-that-are-important-to-them\/#primaryimage","url":"https:\/\/www.ufuq.de\/wp-content\/uploads\/2022\/03\/1-hist-ereign.jpg","contentUrl":"https:\/\/www.ufuq.de\/wp-content\/uploads\/2022\/03\/1-hist-ereign.jpg","width":276,"height":276},{"@type":"BreadcrumbList","@id":"https:\/\/www.ufuq.de\/en\/aktuelles\/my-story-our-history-adolescents-discuss-the-historical-events-that-are-important-to-them\/#breadcrumb","itemListElement":[{"@type":"ListItem","position":1,"name":"Startseite","item":"https:\/\/www.ufuq.de\/en\/"},{"@type":"ListItem","position":2,"name":"My story \u2013 our history: Adolescents discuss the historical events that are important to them"}]},{"@type":"WebSite","@id":"https:\/\/www.ufuq.de\/#website","url":"https:\/\/www.ufuq.de\/","name":"ufuq.de","description":"Politische Bildung und Pr\u00e4vention von religi\u00f6s begr\u00fcndeter Radikalisierung","publisher":{"@id":"https:\/\/www.ufuq.de\/#organization"},"potentialAction":[{"@type":"SearchAction","target":{"@type":"EntryPoint","urlTemplate":"https:\/\/www.ufuq.de\/?s={search_term_string}"},"query-input":{"@type":"PropertyValueSpecification","valueRequired":true,"valueName":"search_term_string"}}],"inLanguage":"en-US"},{"@type":"Organization","@id":"https:\/\/www.ufuq.de\/#organization","name":"Ufuq e. V.","url":"https:\/\/www.ufuq.de\/","logo":{"@type":"ImageObject","inLanguage":"en-US","@id":"https:\/\/www.ufuq.de\/#\/schema\/logo\/image\/","url":"https:\/\/www.ufuq.de\/wp-content\/uploads\/2022\/03\/ufuq-Logo-weiss-auf-Orange_solo567x567-1.png","contentUrl":"https:\/\/www.ufuq.de\/wp-content\/uploads\/2022\/03\/ufuq-Logo-weiss-auf-Orange_solo567x567-1.png","width":567,"height":567,"caption":"Ufuq e. V."},"image":{"@id":"https:\/\/www.ufuq.de\/#\/schema\/logo\/image\/"},"sameAs":["https:\/\/www.facebook.com\/ufuq.de","https:\/\/x.com\/ufuq_de","https:\/\/www.instagram.com\/ufuq.de"]},{"@type":"Person","@id":"https:\/\/www.ufuq.de\/#\/schema\/person\/eea8c724421c1d9aee65cfca6bb3ea5f","name":"admin","image":{"@type":"ImageObject","inLanguage":"en-US","@id":"https:\/\/secure.gravatar.com\/avatar\/ec27c402b7a1f909020da1b88405d43b4f29a7bd4d573cc3e44654cf0d0aeaf6?s=96&d=mm&r=g","url":"https:\/\/secure.gravatar.com\/avatar\/ec27c402b7a1f909020da1b88405d43b4f29a7bd4d573cc3e44654cf0d0aeaf6?s=96&d=mm&r=g","contentUrl":"https:\/\/secure.gravatar.com\/avatar\/ec27c402b7a1f909020da1b88405d43b4f29a7bd4d573cc3e44654cf0d0aeaf6?s=96&d=mm&r=g","caption":"admin"},"sameAs":["https:\/\/ufuq.de"]}]}},"_links":{"self":[{"href":"https:\/\/www.ufuq.de\/en\/wp-json\/wp\/v2\/posts\/7518","targetHints":{"allow":["GET"]}}],"collection":[{"href":"https:\/\/www.ufuq.de\/en\/wp-json\/wp\/v2\/posts"}],"about":[{"href":"https:\/\/www.ufuq.de\/en\/wp-json\/wp\/v2\/types\/post"}],"author":[{"embeddable":true,"href":"https:\/\/www.ufuq.de\/en\/wp-json\/wp\/v2\/users\/1"}],"replies":[{"embeddable":true,"href":"https:\/\/www.ufuq.de\/en\/wp-json\/wp\/v2\/comments?post=7518"}],"version-history":[{"count":0,"href":"https:\/\/www.ufuq.de\/en\/wp-json\/wp\/v2\/posts\/7518\/revisions"}],"wp:featuredmedia":[{"embeddable":true,"href":"https:\/\/www.ufuq.de\/en\/wp-json\/wp\/v2\/media\/24838"}],"wp:attachment":[{"href":"https:\/\/www.ufuq.de\/en\/wp-json\/wp\/v2\/media?parent=7518"}],"wp:term":[{"taxonomy":"category","embeddable":true,"href":"https:\/\/www.ufuq.de\/en\/wp-json\/wp\/v2\/categories?post=7518"},{"taxonomy":"post_tag","embeddable":true,"href":"https:\/\/www.ufuq.de\/en\/wp-json\/wp\/v2\/tags?post=7518"}],"curies":[{"name":"wp","href":"https:\/\/api.w.org\/{rel}","templated":true}]}}