{"id":27740,"date":"2017-03-18T12:04:01","date_gmt":"2017-03-18T12:04:01","guid":{"rendered":"https:\/\/ufuq.de\/?p=27740"},"modified":"2022-10-17T11:00:30","modified_gmt":"2022-10-17T10:00:30","slug":"travail-de-prevention-aupres-des-refugies-suggestions-a-visee-pedagogique-pour-prevenir-la-radicalisation","status":"publish","type":"post","link":"https:\/\/www.ufuq.de\/en\/aktuelles\/travail-de-prevention-aupres-des-refugies-suggestions-a-visee-pedagogique-pour-prevenir-la-radicalisation\/","title":{"rendered":"(FR) Travail de pr\u00e9vention aupr\u00e8s des r\u00e9fugi\u00e9s. Suggestions \u00e0 vis\u00e9e p\u00e9dagogique pour pr\u00e9venir la radicalisation"},"content":{"rendered":"<p><a href=\"https:\/\/www.ufuq.de\/wp-content\/uploads\/2018\/01\/Travail-de-pre%CC%81vention-aupre%CC%80s-des-re%CC%81fugie%CC%81s.pdf\" target=\"_blank\" rel=\"noopener\"><img loading=\"lazy\" decoding=\"async\" class=\"alignnone wp-image-27741\" src=\"https:\/\/ufuq.de\/wp-content\/uploads\/2022\/03\/Cover-Re\u0301fugie\u0301s-215x300.png\" alt=\"\" width=\"350\" height=\"489\" srcset=\"https:\/\/www.ufuq.de\/wp-content\/uploads\/2022\/03\/Cover-Re\u0301fugie\u0301s-215x300.png 215w, https:\/\/www.ufuq.de\/wp-content\/uploads\/2022\/03\/Cover-Re\u0301fugie\u0301s-732x1024.png 732w, https:\/\/www.ufuq.de\/wp-content\/uploads\/2022\/03\/Cover-Re\u0301fugie\u0301s-768x1074.png 768w, https:\/\/www.ufuq.de\/wp-content\/uploads\/2022\/03\/Cover-Re\u0301fugie\u0301s.png 788w\" sizes=\"auto, (max-width: 350px) 100vw, 350px\" \/><\/a><\/p>\n<p>Le nombre de r\u00e9fugi\u00e9s attir\u00e9s par le mouvement salafiste est infime.\u00a0N\u00e9anmoins, les r\u00e9fugi\u00e9s font \u00e9galement partie des groupes cibles auxquels s\u2019adressent les groupes extr\u00e9mistes.\u00a0Cette brochure donne des suggestions pour le travail de pr\u00e9vention universelle\u00a0qui commence en amont d\u2019\u00e9ventuels processus de radicalisation.<\/p>\n<p>Download:\u00a0<a role=\"link\" href=\"https:\/\/www.ufuq.de\/wp-content\/uploads\/2018\/01\/Travail-de-pre%CC%81vention-aupre%CC%80s-des-re%CC%81fugie%CC%81s.pdf\" target=\"_blank\" rel=\"noopener noreferrer\">www.ufuq.de<\/a><\/p>\n","protected":false},"excerpt":{"rendered":"<p>Le nombre de r\u00e9fugi\u00e9s attir\u00e9s par le mouvement salafiste est infime.\u00a0N\u00e9anmoins, les r\u00e9fugi\u00e9s font \u00e9galement partie des groupes cibles auxquels s\u2019adressent les groupes extr\u00e9mistes.\u00a0Cette brochure donne des suggestions pour le travail de pr\u00e9vention universelle\u00a0qui commence en amont d\u2019\u00e9ventuels processus de radicalisation. Download:\u00a0www.ufuq.de<\/p>\n","protected":false},"author":5,"featured_media":27741,"comment_status":"closed","ping_status":"closed","sticky":false,"template":"","format":"standard","meta":{"_acf_changed":false,"inline_featured_image":false,"footnotes":""},"categories":[37],"tags":[1213,1242,1263],"class_list":["post-27740","post","type-post","status-publish","format-standard","has-post-thumbnail","hentry","category-uncategorized","tag-prevention-en","tag-radicalisation-en","tag-refugies"],"acf":[],"yoast_head":"<!-- This site is optimized with the Yoast SEO plugin v27.5 - https:\/\/yoast.com\/product\/yoast-seo-wordpress\/ -->\n<title>(FR) Travail de pr\u00e9vention aupr\u00e8s des r\u00e9fugi\u00e9s. Suggestions \u00e0 vis\u00e9e p\u00e9dagogique pour pr\u00e9venir la radicalisation &#8211; ufuq.de<\/title>\n<meta name=\"robots\" content=\"index, follow, max-snippet:-1, max-image-preview:large, max-video-preview:-1\" \/>\n<link rel=\"canonical\" href=\"https:\/\/www.ufuq.de\/en\/aktuelles\/travail-de-prevention-aupres-des-refugies-suggestions-a-visee-pedagogique-pour-prevenir-la-radicalisation\/\" \/>\n<meta property=\"og:locale\" content=\"en_US\" \/>\n<meta property=\"og:type\" content=\"article\" \/>\n<meta property=\"og:title\" content=\"(FR) Travail de pr\u00e9vention aupr\u00e8s des r\u00e9fugi\u00e9s. Suggestions \u00e0 vis\u00e9e p\u00e9dagogique pour pr\u00e9venir la radicalisation &#8211; ufuq.de\" \/>\n<meta property=\"og:description\" content=\"Le nombre de r\u00e9fugi\u00e9s attir\u00e9s par le mouvement salafiste est infime.\u00a0N\u00e9anmoins, les r\u00e9fugi\u00e9s font \u00e9galement partie des groupes cibles auxquels s\u2019adressent les groupes extr\u00e9mistes.\u00a0Cette brochure donne des suggestions pour le travail de pr\u00e9vention universelle\u00a0qui commence en amont d\u2019\u00e9ventuels processus de radicalisation. Download:\u00a0www.ufuq.de\" \/>\n<meta property=\"og:url\" content=\"https:\/\/www.ufuq.de\/en\/aktuelles\/travail-de-prevention-aupres-des-refugies-suggestions-a-visee-pedagogique-pour-prevenir-la-radicalisation\/\" \/>\n<meta property=\"og:site_name\" content=\"ufuq.de\" \/>\n<meta property=\"article:publisher\" content=\"https:\/\/www.facebook.com\/ufuq.de\" \/>\n<meta property=\"article:published_time\" content=\"2017-03-18T12:04:01+00:00\" \/>\n<meta property=\"article:modified_time\" content=\"2022-10-17T10:00:30+00:00\" \/>\n<meta property=\"og:image\" content=\"https:\/\/www.ufuq.de\/wp-content\/uploads\/2022\/03\/Cover-Re\u0301fugie\u0301s.png\" \/>\n\t<meta property=\"og:image:width\" content=\"788\" \/>\n\t<meta property=\"og:image:height\" content=\"1102\" \/>\n\t<meta property=\"og:image:type\" content=\"image\/png\" \/>\n<meta name=\"author\" content=\"G\u00f6tz Nordbruch\" \/>\n<meta name=\"twitter:card\" content=\"summary_large_image\" \/>\n<meta name=\"twitter:creator\" content=\"@ufuq_de\" \/>\n<meta name=\"twitter:site\" content=\"@ufuq_de\" \/>\n<meta name=\"twitter:label1\" content=\"Written by\" \/>\n\t<meta name=\"twitter:data1\" content=\"G\u00f6tz Nordbruch\" \/>\n<script type=\"application\/ld+json\" class=\"yoast-schema-graph\">{\"@context\":\"https:\\\/\\\/schema.org\",\"@graph\":[{\"@type\":\"Article\",\"@id\":\"https:\\\/\\\/www.ufuq.de\\\/en\\\/aktuelles\\\/travail-de-prevention-aupres-des-refugies-suggestions-a-visee-pedagogique-pour-prevenir-la-radicalisation\\\/#article\",\"isPartOf\":{\"@id\":\"https:\\\/\\\/www.ufuq.de\\\/en\\\/aktuelles\\\/travail-de-prevention-aupres-des-refugies-suggestions-a-visee-pedagogique-pour-prevenir-la-radicalisation\\\/\"},\"author\":{\"name\":\"G\u00f6tz Nordbruch\",\"@id\":\"https:\\\/\\\/www.ufuq.de\\\/#\\\/schema\\\/person\\\/22651c60c57e6a7696af82cd4557fcd3\"},\"headline\":\"(FR) Travail de pr\u00e9vention aupr\u00e8s des r\u00e9fugi\u00e9s. Suggestions \u00e0 vis\u00e9e p\u00e9dagogique pour pr\u00e9venir la radicalisation\",\"datePublished\":\"2017-03-18T12:04:01+00:00\",\"dateModified\":\"2022-10-17T10:00:30+00:00\",\"mainEntityOfPage\":{\"@id\":\"https:\\\/\\\/www.ufuq.de\\\/en\\\/aktuelles\\\/travail-de-prevention-aupres-des-refugies-suggestions-a-visee-pedagogique-pour-prevenir-la-radicalisation\\\/\"},\"wordCount\":79,\"publisher\":{\"@id\":\"https:\\\/\\\/www.ufuq.de\\\/#organization\"},\"image\":{\"@id\":\"https:\\\/\\\/www.ufuq.de\\\/en\\\/aktuelles\\\/travail-de-prevention-aupres-des-refugies-suggestions-a-visee-pedagogique-pour-prevenir-la-radicalisation\\\/#primaryimage\"},\"thumbnailUrl\":\"https:\\\/\\\/www.ufuq.de\\\/wp-content\\\/uploads\\\/2022\\\/03\\\/Cover-Re\u0301fugie\u0301s.png\",\"keywords\":[\"prevention\",\"radicalisation\",\"r\u00e9fugi\u00e9s\"],\"inLanguage\":\"en-US\"},{\"@type\":\"WebPage\",\"@id\":\"https:\\\/\\\/www.ufuq.de\\\/en\\\/aktuelles\\\/travail-de-prevention-aupres-des-refugies-suggestions-a-visee-pedagogique-pour-prevenir-la-radicalisation\\\/\",\"url\":\"https:\\\/\\\/www.ufuq.de\\\/en\\\/aktuelles\\\/travail-de-prevention-aupres-des-refugies-suggestions-a-visee-pedagogique-pour-prevenir-la-radicalisation\\\/\",\"name\":\"(FR) Travail de pr\u00e9vention aupr\u00e8s des r\u00e9fugi\u00e9s. Suggestions \u00e0 vis\u00e9e p\u00e9dagogique pour pr\u00e9venir la radicalisation &#8211; ufuq.de\",\"isPartOf\":{\"@id\":\"https:\\\/\\\/www.ufuq.de\\\/#website\"},\"primaryImageOfPage\":{\"@id\":\"https:\\\/\\\/www.ufuq.de\\\/en\\\/aktuelles\\\/travail-de-prevention-aupres-des-refugies-suggestions-a-visee-pedagogique-pour-prevenir-la-radicalisation\\\/#primaryimage\"},\"image\":{\"@id\":\"https:\\\/\\\/www.ufuq.de\\\/en\\\/aktuelles\\\/travail-de-prevention-aupres-des-refugies-suggestions-a-visee-pedagogique-pour-prevenir-la-radicalisation\\\/#primaryimage\"},\"thumbnailUrl\":\"https:\\\/\\\/www.ufuq.de\\\/wp-content\\\/uploads\\\/2022\\\/03\\\/Cover-Re\u0301fugie\u0301s.png\",\"datePublished\":\"2017-03-18T12:04:01+00:00\",\"dateModified\":\"2022-10-17T10:00:30+00:00\",\"breadcrumb\":{\"@id\":\"https:\\\/\\\/www.ufuq.de\\\/en\\\/aktuelles\\\/travail-de-prevention-aupres-des-refugies-suggestions-a-visee-pedagogique-pour-prevenir-la-radicalisation\\\/#breadcrumb\"},\"inLanguage\":\"en-US\",\"potentialAction\":[{\"@type\":\"ReadAction\",\"target\":[\"https:\\\/\\\/www.ufuq.de\\\/en\\\/aktuelles\\\/travail-de-prevention-aupres-des-refugies-suggestions-a-visee-pedagogique-pour-prevenir-la-radicalisation\\\/\"]}]},{\"@type\":\"ImageObject\",\"inLanguage\":\"en-US\",\"@id\":\"https:\\\/\\\/www.ufuq.de\\\/en\\\/aktuelles\\\/travail-de-prevention-aupres-des-refugies-suggestions-a-visee-pedagogique-pour-prevenir-la-radicalisation\\\/#primaryimage\",\"url\":\"https:\\\/\\\/www.ufuq.de\\\/wp-content\\\/uploads\\\/2022\\\/03\\\/Cover-Re\u0301fugie\u0301s.png\",\"contentUrl\":\"https:\\\/\\\/www.ufuq.de\\\/wp-content\\\/uploads\\\/2022\\\/03\\\/Cover-Re\u0301fugie\u0301s.png\",\"width\":788,\"height\":1102},{\"@type\":\"BreadcrumbList\",\"@id\":\"https:\\\/\\\/www.ufuq.de\\\/en\\\/aktuelles\\\/travail-de-prevention-aupres-des-refugies-suggestions-a-visee-pedagogique-pour-prevenir-la-radicalisation\\\/#breadcrumb\",\"itemListElement\":[{\"@type\":\"ListItem\",\"position\":1,\"name\":\"Startseite\",\"item\":\"https:\\\/\\\/www.ufuq.de\\\/en\\\/\"},{\"@type\":\"ListItem\",\"position\":2,\"name\":\"(FR) Travail de pr\u00e9vention aupr\u00e8s des r\u00e9fugi\u00e9s. Suggestions \u00e0 vis\u00e9e p\u00e9dagogique pour pr\u00e9venir la radicalisation\"}]},{\"@type\":\"WebSite\",\"@id\":\"https:\\\/\\\/www.ufuq.de\\\/#website\",\"url\":\"https:\\\/\\\/www.ufuq.de\\\/\",\"name\":\"ufuq.de\",\"description\":\"Politische Bildung und Pr\u00e4vention von religi\u00f6s begr\u00fcndeter Radikalisierung\",\"publisher\":{\"@id\":\"https:\\\/\\\/www.ufuq.de\\\/#organization\"},\"potentialAction\":[{\"@type\":\"SearchAction\",\"target\":{\"@type\":\"EntryPoint\",\"urlTemplate\":\"https:\\\/\\\/www.ufuq.de\\\/?s={search_term_string}\"},\"query-input\":{\"@type\":\"PropertyValueSpecification\",\"valueRequired\":true,\"valueName\":\"search_term_string\"}}],\"inLanguage\":\"en-US\"},{\"@type\":\"Organization\",\"@id\":\"https:\\\/\\\/www.ufuq.de\\\/#organization\",\"name\":\"Ufuq e. V.\",\"url\":\"https:\\\/\\\/www.ufuq.de\\\/\",\"logo\":{\"@type\":\"ImageObject\",\"inLanguage\":\"en-US\",\"@id\":\"https:\\\/\\\/www.ufuq.de\\\/#\\\/schema\\\/logo\\\/image\\\/\",\"url\":\"https:\\\/\\\/www.ufuq.de\\\/wp-content\\\/uploads\\\/2022\\\/03\\\/ufuq-Logo-weiss-auf-Orange_solo567x567-1.png\",\"contentUrl\":\"https:\\\/\\\/www.ufuq.de\\\/wp-content\\\/uploads\\\/2022\\\/03\\\/ufuq-Logo-weiss-auf-Orange_solo567x567-1.png\",\"width\":567,\"height\":567,\"caption\":\"Ufuq e. V.\"},\"image\":{\"@id\":\"https:\\\/\\\/www.ufuq.de\\\/#\\\/schema\\\/logo\\\/image\\\/\"},\"sameAs\":[\"https:\\\/\\\/www.facebook.com\\\/ufuq.de\",\"https:\\\/\\\/x.com\\\/ufuq_de\",\"https:\\\/\\\/www.instagram.com\\\/ufuq.de\"]},{\"@type\":\"Person\",\"@id\":\"https:\\\/\\\/www.ufuq.de\\\/#\\\/schema\\\/person\\\/22651c60c57e6a7696af82cd4557fcd3\",\"name\":\"G\u00f6tz Nordbruch\",\"image\":{\"@type\":\"ImageObject\",\"inLanguage\":\"en-US\",\"@id\":\"https:\\\/\\\/secure.gravatar.com\\\/avatar\\\/1a757329db5ab55f4b23a05bcf8aafd2e27922497298bfa14dea6d8859f1e4b7?s=96&d=mm&r=g\",\"url\":\"https:\\\/\\\/secure.gravatar.com\\\/avatar\\\/1a757329db5ab55f4b23a05bcf8aafd2e27922497298bfa14dea6d8859f1e4b7?s=96&d=mm&r=g\",\"contentUrl\":\"https:\\\/\\\/secure.gravatar.com\\\/avatar\\\/1a757329db5ab55f4b23a05bcf8aafd2e27922497298bfa14dea6d8859f1e4b7?s=96&d=mm&r=g\",\"caption\":\"G\u00f6tz Nordbruch\"}}]}<\/script>\n<!-- \/ Yoast SEO plugin. -->","yoast_head_json":{"title":"(FR) Travail de pr\u00e9vention aupr\u00e8s des r\u00e9fugi\u00e9s. Suggestions \u00e0 vis\u00e9e p\u00e9dagogique pour pr\u00e9venir la radicalisation &#8211; ufuq.de","robots":{"index":"index","follow":"follow","max-snippet":"max-snippet:-1","max-image-preview":"max-image-preview:large","max-video-preview":"max-video-preview:-1"},"canonical":"https:\/\/www.ufuq.de\/en\/aktuelles\/travail-de-prevention-aupres-des-refugies-suggestions-a-visee-pedagogique-pour-prevenir-la-radicalisation\/","og_locale":"en_US","og_type":"article","og_title":"(FR) Travail de pr\u00e9vention aupr\u00e8s des r\u00e9fugi\u00e9s. Suggestions \u00e0 vis\u00e9e p\u00e9dagogique pour pr\u00e9venir la radicalisation &#8211; ufuq.de","og_description":"Le nombre de r\u00e9fugi\u00e9s attir\u00e9s par le mouvement salafiste est infime.\u00a0N\u00e9anmoins, les r\u00e9fugi\u00e9s font \u00e9galement partie des groupes cibles auxquels s\u2019adressent les groupes extr\u00e9mistes.\u00a0Cette brochure donne des suggestions pour le travail de pr\u00e9vention universelle\u00a0qui commence en amont d\u2019\u00e9ventuels processus de radicalisation. Download:\u00a0www.ufuq.de","og_url":"https:\/\/www.ufuq.de\/en\/aktuelles\/travail-de-prevention-aupres-des-refugies-suggestions-a-visee-pedagogique-pour-prevenir-la-radicalisation\/","og_site_name":"ufuq.de","article_publisher":"https:\/\/www.facebook.com\/ufuq.de","article_published_time":"2017-03-18T12:04:01+00:00","article_modified_time":"2022-10-17T10:00:30+00:00","og_image":[{"width":788,"height":1102,"url":"https:\/\/www.ufuq.de\/wp-content\/uploads\/2022\/03\/Cover-Re\u0301fugie\u0301s.png","type":"image\/png"}],"author":"G\u00f6tz Nordbruch","twitter_card":"summary_large_image","twitter_creator":"@ufuq_de","twitter_site":"@ufuq_de","twitter_misc":{"Written by":"G\u00f6tz Nordbruch"},"schema":{"@context":"https:\/\/schema.org","@graph":[{"@type":"Article","@id":"https:\/\/www.ufuq.de\/en\/aktuelles\/travail-de-prevention-aupres-des-refugies-suggestions-a-visee-pedagogique-pour-prevenir-la-radicalisation\/#article","isPartOf":{"@id":"https:\/\/www.ufuq.de\/en\/aktuelles\/travail-de-prevention-aupres-des-refugies-suggestions-a-visee-pedagogique-pour-prevenir-la-radicalisation\/"},"author":{"name":"G\u00f6tz Nordbruch","@id":"https:\/\/www.ufuq.de\/#\/schema\/person\/22651c60c57e6a7696af82cd4557fcd3"},"headline":"(FR) Travail de pr\u00e9vention aupr\u00e8s des r\u00e9fugi\u00e9s. Suggestions \u00e0 vis\u00e9e p\u00e9dagogique pour pr\u00e9venir la radicalisation","datePublished":"2017-03-18T12:04:01+00:00","dateModified":"2022-10-17T10:00:30+00:00","mainEntityOfPage":{"@id":"https:\/\/www.ufuq.de\/en\/aktuelles\/travail-de-prevention-aupres-des-refugies-suggestions-a-visee-pedagogique-pour-prevenir-la-radicalisation\/"},"wordCount":79,"publisher":{"@id":"https:\/\/www.ufuq.de\/#organization"},"image":{"@id":"https:\/\/www.ufuq.de\/en\/aktuelles\/travail-de-prevention-aupres-des-refugies-suggestions-a-visee-pedagogique-pour-prevenir-la-radicalisation\/#primaryimage"},"thumbnailUrl":"https:\/\/www.ufuq.de\/wp-content\/uploads\/2022\/03\/Cover-Re\u0301fugie\u0301s.png","keywords":["prevention","radicalisation","r\u00e9fugi\u00e9s"],"inLanguage":"en-US"},{"@type":"WebPage","@id":"https:\/\/www.ufuq.de\/en\/aktuelles\/travail-de-prevention-aupres-des-refugies-suggestions-a-visee-pedagogique-pour-prevenir-la-radicalisation\/","url":"https:\/\/www.ufuq.de\/en\/aktuelles\/travail-de-prevention-aupres-des-refugies-suggestions-a-visee-pedagogique-pour-prevenir-la-radicalisation\/","name":"(FR) Travail de pr\u00e9vention aupr\u00e8s des r\u00e9fugi\u00e9s. Suggestions \u00e0 vis\u00e9e p\u00e9dagogique pour pr\u00e9venir la radicalisation &#8211; ufuq.de","isPartOf":{"@id":"https:\/\/www.ufuq.de\/#website"},"primaryImageOfPage":{"@id":"https:\/\/www.ufuq.de\/en\/aktuelles\/travail-de-prevention-aupres-des-refugies-suggestions-a-visee-pedagogique-pour-prevenir-la-radicalisation\/#primaryimage"},"image":{"@id":"https:\/\/www.ufuq.de\/en\/aktuelles\/travail-de-prevention-aupres-des-refugies-suggestions-a-visee-pedagogique-pour-prevenir-la-radicalisation\/#primaryimage"},"thumbnailUrl":"https:\/\/www.ufuq.de\/wp-content\/uploads\/2022\/03\/Cover-Re\u0301fugie\u0301s.png","datePublished":"2017-03-18T12:04:01+00:00","dateModified":"2022-10-17T10:00:30+00:00","breadcrumb":{"@id":"https:\/\/www.ufuq.de\/en\/aktuelles\/travail-de-prevention-aupres-des-refugies-suggestions-a-visee-pedagogique-pour-prevenir-la-radicalisation\/#breadcrumb"},"inLanguage":"en-US","potentialAction":[{"@type":"ReadAction","target":["https:\/\/www.ufuq.de\/en\/aktuelles\/travail-de-prevention-aupres-des-refugies-suggestions-a-visee-pedagogique-pour-prevenir-la-radicalisation\/"]}]},{"@type":"ImageObject","inLanguage":"en-US","@id":"https:\/\/www.ufuq.de\/en\/aktuelles\/travail-de-prevention-aupres-des-refugies-suggestions-a-visee-pedagogique-pour-prevenir-la-radicalisation\/#primaryimage","url":"https:\/\/www.ufuq.de\/wp-content\/uploads\/2022\/03\/Cover-Re\u0301fugie\u0301s.png","contentUrl":"https:\/\/www.ufuq.de\/wp-content\/uploads\/2022\/03\/Cover-Re\u0301fugie\u0301s.png","width":788,"height":1102},{"@type":"BreadcrumbList","@id":"https:\/\/www.ufuq.de\/en\/aktuelles\/travail-de-prevention-aupres-des-refugies-suggestions-a-visee-pedagogique-pour-prevenir-la-radicalisation\/#breadcrumb","itemListElement":[{"@type":"ListItem","position":1,"name":"Startseite","item":"https:\/\/www.ufuq.de\/en\/"},{"@type":"ListItem","position":2,"name":"(FR) Travail de pr\u00e9vention aupr\u00e8s des r\u00e9fugi\u00e9s. Suggestions \u00e0 vis\u00e9e p\u00e9dagogique pour pr\u00e9venir la radicalisation"}]},{"@type":"WebSite","@id":"https:\/\/www.ufuq.de\/#website","url":"https:\/\/www.ufuq.de\/","name":"ufuq.de","description":"Politische Bildung und Pr\u00e4vention von religi\u00f6s begr\u00fcndeter Radikalisierung","publisher":{"@id":"https:\/\/www.ufuq.de\/#organization"},"potentialAction":[{"@type":"SearchAction","target":{"@type":"EntryPoint","urlTemplate":"https:\/\/www.ufuq.de\/?s={search_term_string}"},"query-input":{"@type":"PropertyValueSpecification","valueRequired":true,"valueName":"search_term_string"}}],"inLanguage":"en-US"},{"@type":"Organization","@id":"https:\/\/www.ufuq.de\/#organization","name":"Ufuq e. V.","url":"https:\/\/www.ufuq.de\/","logo":{"@type":"ImageObject","inLanguage":"en-US","@id":"https:\/\/www.ufuq.de\/#\/schema\/logo\/image\/","url":"https:\/\/www.ufuq.de\/wp-content\/uploads\/2022\/03\/ufuq-Logo-weiss-auf-Orange_solo567x567-1.png","contentUrl":"https:\/\/www.ufuq.de\/wp-content\/uploads\/2022\/03\/ufuq-Logo-weiss-auf-Orange_solo567x567-1.png","width":567,"height":567,"caption":"Ufuq e. V."},"image":{"@id":"https:\/\/www.ufuq.de\/#\/schema\/logo\/image\/"},"sameAs":["https:\/\/www.facebook.com\/ufuq.de","https:\/\/x.com\/ufuq_de","https:\/\/www.instagram.com\/ufuq.de"]},{"@type":"Person","@id":"https:\/\/www.ufuq.de\/#\/schema\/person\/22651c60c57e6a7696af82cd4557fcd3","name":"G\u00f6tz Nordbruch","image":{"@type":"ImageObject","inLanguage":"en-US","@id":"https:\/\/secure.gravatar.com\/avatar\/1a757329db5ab55f4b23a05bcf8aafd2e27922497298bfa14dea6d8859f1e4b7?s=96&d=mm&r=g","url":"https:\/\/secure.gravatar.com\/avatar\/1a757329db5ab55f4b23a05bcf8aafd2e27922497298bfa14dea6d8859f1e4b7?s=96&d=mm&r=g","contentUrl":"https:\/\/secure.gravatar.com\/avatar\/1a757329db5ab55f4b23a05bcf8aafd2e27922497298bfa14dea6d8859f1e4b7?s=96&d=mm&r=g","caption":"G\u00f6tz Nordbruch"}}]}},"_links":{"self":[{"href":"https:\/\/www.ufuq.de\/en\/wp-json\/wp\/v2\/posts\/27740","targetHints":{"allow":["GET"]}}],"collection":[{"href":"https:\/\/www.ufuq.de\/en\/wp-json\/wp\/v2\/posts"}],"about":[{"href":"https:\/\/www.ufuq.de\/en\/wp-json\/wp\/v2\/types\/post"}],"author":[{"embeddable":true,"href":"https:\/\/www.ufuq.de\/en\/wp-json\/wp\/v2\/users\/5"}],"replies":[{"embeddable":true,"href":"https:\/\/www.ufuq.de\/en\/wp-json\/wp\/v2\/comments?post=27740"}],"version-history":[{"count":0,"href":"https:\/\/www.ufuq.de\/en\/wp-json\/wp\/v2\/posts\/27740\/revisions"}],"wp:featuredmedia":[{"embeddable":true,"href":"https:\/\/www.ufuq.de\/en\/wp-json\/wp\/v2\/media\/27741"}],"wp:attachment":[{"href":"https:\/\/www.ufuq.de\/en\/wp-json\/wp\/v2\/media?parent=27740"}],"wp:term":[{"taxonomy":"category","embeddable":true,"href":"https:\/\/www.ufuq.de\/en\/wp-json\/wp\/v2\/categories?post=27740"},{"taxonomy":"post_tag","embeddable":true,"href":"https:\/\/www.ufuq.de\/en\/wp-json\/wp\/v2\/tags?post=27740"}],"curies":[{"name":"wp","href":"https:\/\/api.w.org\/{rel}","templated":true}]}}