{"id":27702,"date":"2019-03-31T11:28:45","date_gmt":"2019-03-31T11:28:45","guid":{"rendered":"https:\/\/ufuq.de\/?p=27702"},"modified":"2022-03-18T11:44:38","modified_gmt":"2022-03-18T11:44:38","slug":"en-fr-transforming-schools-into-labs-for-democracy-a-companion-to-preventing-violent-radicalisation-through-education","status":"publish","type":"post","link":"https:\/\/www.ufuq.de\/en\/aktuelles\/en-fr-transforming-schools-into-labs-for-democracy-a-companion-to-preventing-violent-radicalisation-through-education\/","title":{"rendered":"(EN\/FR) Transforming schools into labs for democracy. A companion to preventing violent radicalisation through education"},"content":{"rendered":"<p><a href=\"https:\/\/ec.europa.eu\/home-affairs\/sites\/homeaffairs\/files\/what-we-do\/networks\/radicalisation_awareness_network\/about-ran\/ran-edu\/docs\/ran_edu_transforming_schools_into_labs_for_democracy_2018_en.pdf\" target=\"_blank\" rel=\"noopener\"><img loading=\"lazy\" decoding=\"async\" class=\"alignnone wp-image-27703\" src=\"https:\/\/ufuq.de\/wp-content\/uploads\/2022\/03\/Cover-Compenium-211x300.png\" alt=\"\" width=\"350\" height=\"498\" srcset=\"https:\/\/www.ufuq.de\/wp-content\/uploads\/2022\/03\/Cover-Compenium-211x300.png 211w, https:\/\/www.ufuq.de\/wp-content\/uploads\/2022\/03\/Cover-Compenium-720x1024.png 720w, https:\/\/www.ufuq.de\/wp-content\/uploads\/2022\/03\/Cover-Compenium-768x1092.png 768w, https:\/\/www.ufuq.de\/wp-content\/uploads\/2022\/03\/Cover-Compenium.png 786w\" sizes=\"auto, (max-width: 350px) 100vw, 350px\" \/><\/a><\/p>\n<p>In March 2015, nearly 100 teachers and other educators from EU Member States published a manifesto containing 24 recommendations for preventing radicalisation leading to violent extremism. That same month, the Paris Declaration stressed: \u2018The primary purpose of education is not only to develop knowledge, skills, competencies and attitudes and to embed fundamental values, but also to help young people in close cooperation with parents and families \u2014 to become active, responsible, open-minded members of society.\u2019<\/p>\n<p>In the same spirit, RAN decided to launch an Education working group (RAN EDU), inviting school professionals from across the continent to participate. They reached the consensus that schools are indeed important places in which to empower young people and to build resilience against radical ideologies leading to violence. What is more, schools and teachers are on the front line to help identify and safeguard youth at risk of radicalisation. They are essential partners in preventing and countering violent radicalisation at early stages. Since then, the importance of education in prevention strategies has been widely recognised in political debates. Fortunately, many schools and teachers across Europe have tackled these challenges with increasing efficacy.<\/p>\n<p>This companion reflects upon these developments and formulates recommendations to envision schools as \u2018labs for democracy\u2019 that would provide sustainable responses to radicalisation. This entails reconsidering certain teaching methods and modifying curricula. It also includes improving institutional structures to strengthen teachers and schools as facilitators who will build and strengthen democratic values amongst students and empower them as active citizens.<\/p>\n<p>The companion was authored by G\u00f6tz Nordbruch (ufuq.de) and Stijn Sieckelinck (Vrije Universiteit Amsterdam).<\/p>\n<p>Download &#8220;Transforming schools into labs for democracy&#8221;: <a href=\"https:\/\/ec.europa.eu\/home-affairs\/sites\/homeaffairs\/files\/what-we-do\/networks\/radicalisation_awareness_network\/about-ran\/ran-edu\/docs\/ran_edu_transforming_schools_into_labs_for_democracy_2018_en.pdf\" target=\"_blank\" rel=\"noopener noreferrer\">ec.europa.eu<\/a><\/p>\n<hr \/>\n<h3>Transformer les \u00e9coles en laboratoires de la d\u00e9mocratie. Un partenaire pour pr\u00e9venir la radicalisation violente par l\u2019\u00e9ducation<\/h3>\n<p><a href=\"https:\/\/ec.europa.eu\/home-affairs\/system\/files\/2019-07\/ran_edu_transforming_schools_into_labs_for_democracy_2018_fr.pdf\" target=\"_blank\" rel=\"noopener\"><img loading=\"lazy\" decoding=\"async\" class=\"alignnone wp-image-27707\" src=\"https:\/\/ufuq.de\/wp-content\/uploads\/2019\/03\/Cover-Transformer--209x300.png\" alt=\"\" width=\"350\" height=\"501\" srcset=\"https:\/\/www.ufuq.de\/wp-content\/uploads\/2019\/03\/Cover-Transformer--209x300.png 209w, https:\/\/www.ufuq.de\/wp-content\/uploads\/2019\/03\/Cover-Transformer--715x1024.png 715w, https:\/\/www.ufuq.de\/wp-content\/uploads\/2019\/03\/Cover-Transformer--768x1100.png 768w, https:\/\/www.ufuq.de\/wp-content\/uploads\/2019\/03\/Cover-Transformer-.png 782w\" sizes=\"auto, (max-width: 350px) 100vw, 350px\" \/><\/a><\/p>\n<p>T\u00e9l\u00e9charger en francais: <a href=\"https:\/\/ec.europa.eu\/home-affairs\/system\/files\/2019-07\/ran_edu_transforming_schools_into_labs_for_democracy_2018_fr.pdf\" target=\"_blank\" rel=\"noopener noreferrer\">ec.europa.eu<\/a><\/p>\n","protected":false},"excerpt":{"rendered":"<p>In March 2015, nearly 100 teachers and other educators from EU Member States published a manifesto containing 24 recommendations for preventing radicalisation leading to violent extremism. That same month, the Paris Declaration stressed: \u2018The primary purpose of education is not only to develop knowledge, skills, competencies and attitudes and to embed fundamental values, but also [&hellip;]<\/p>\n","protected":false},"author":5,"featured_media":27703,"comment_status":"closed","ping_status":"closed","sticky":false,"template":"","format":"standard","meta":{"_acf_changed":false,"inline_featured_image":false,"footnotes":""},"categories":[37],"tags":[2009,1232,1242,2008],"class_list":["post-27702","post","type-post","status-publish","format-standard","has-post-thumbnail","hentry","category-uncategorized","tag-ecoles","tag-pve","tag-radicalisation-en","tag-schools-en"],"acf":[],"yoast_head":"<!-- This site is optimized with the Yoast SEO plugin v27.5 - https:\/\/yoast.com\/product\/yoast-seo-wordpress\/ -->\n<title>(EN\/FR) Transforming schools into labs for democracy. A companion to preventing violent radicalisation through education &#8211; ufuq.de<\/title>\n<meta name=\"robots\" content=\"index, follow, max-snippet:-1, max-image-preview:large, max-video-preview:-1\" \/>\n<link rel=\"canonical\" href=\"https:\/\/www.ufuq.de\/en\/aktuelles\/en-fr-transforming-schools-into-labs-for-democracy-a-companion-to-preventing-violent-radicalisation-through-education\/\" \/>\n<meta property=\"og:locale\" content=\"en_US\" \/>\n<meta property=\"og:type\" content=\"article\" \/>\n<meta property=\"og:title\" content=\"(EN\/FR) Transforming schools into labs for democracy. A companion to preventing violent radicalisation through education &#8211; ufuq.de\" \/>\n<meta property=\"og:description\" content=\"In March 2015, nearly 100 teachers and other educators from EU Member States published a manifesto containing 24 recommendations for preventing radicalisation leading to violent extremism. That same month, the Paris Declaration stressed: \u2018The primary purpose of education is not only to develop knowledge, skills, competencies and attitudes and to embed fundamental values, but also [&hellip;]\" \/>\n<meta property=\"og:url\" content=\"https:\/\/www.ufuq.de\/en\/aktuelles\/en-fr-transforming-schools-into-labs-for-democracy-a-companion-to-preventing-violent-radicalisation-through-education\/\" \/>\n<meta property=\"og:site_name\" content=\"ufuq.de\" \/>\n<meta property=\"article:publisher\" content=\"https:\/\/www.facebook.com\/ufuq.de\" \/>\n<meta property=\"article:published_time\" content=\"2019-03-31T11:28:45+00:00\" \/>\n<meta property=\"article:modified_time\" content=\"2022-03-18T11:44:38+00:00\" \/>\n<meta property=\"og:image\" content=\"https:\/\/www.ufuq.de\/wp-content\/uploads\/2022\/03\/Cover-Compenium.png\" \/>\n\t<meta property=\"og:image:width\" content=\"786\" \/>\n\t<meta property=\"og:image:height\" content=\"1118\" \/>\n\t<meta property=\"og:image:type\" content=\"image\/png\" \/>\n<meta name=\"author\" content=\"G\u00f6tz Nordbruch\" \/>\n<meta name=\"twitter:card\" content=\"summary_large_image\" \/>\n<meta name=\"twitter:creator\" content=\"@ufuq_de\" \/>\n<meta name=\"twitter:site\" content=\"@ufuq_de\" \/>\n<meta name=\"twitter:label1\" content=\"Written by\" \/>\n\t<meta name=\"twitter:data1\" content=\"G\u00f6tz Nordbruch\" \/>\n\t<meta name=\"twitter:label2\" content=\"Est. reading time\" \/>\n\t<meta name=\"twitter:data2\" content=\"1 minute\" \/>\n<script type=\"application\/ld+json\" class=\"yoast-schema-graph\">{\"@context\":\"https:\\\/\\\/schema.org\",\"@graph\":[{\"@type\":\"Article\",\"@id\":\"https:\\\/\\\/www.ufuq.de\\\/en\\\/aktuelles\\\/en-fr-transforming-schools-into-labs-for-democracy-a-companion-to-preventing-violent-radicalisation-through-education\\\/#article\",\"isPartOf\":{\"@id\":\"https:\\\/\\\/www.ufuq.de\\\/en\\\/aktuelles\\\/en-fr-transforming-schools-into-labs-for-democracy-a-companion-to-preventing-violent-radicalisation-through-education\\\/\"},\"author\":{\"name\":\"G\u00f6tz Nordbruch\",\"@id\":\"https:\\\/\\\/www.ufuq.de\\\/#\\\/schema\\\/person\\\/22651c60c57e6a7696af82cd4557fcd3\"},\"headline\":\"(EN\\\/FR) Transforming schools into labs for democracy. A companion to preventing violent radicalisation through education\",\"datePublished\":\"2019-03-31T11:28:45+00:00\",\"dateModified\":\"2022-03-18T11:44:38+00:00\",\"mainEntityOfPage\":{\"@id\":\"https:\\\/\\\/www.ufuq.de\\\/en\\\/aktuelles\\\/en-fr-transforming-schools-into-labs-for-democracy-a-companion-to-preventing-violent-radicalisation-through-education\\\/\"},\"wordCount\":314,\"publisher\":{\"@id\":\"https:\\\/\\\/www.ufuq.de\\\/#organization\"},\"image\":{\"@id\":\"https:\\\/\\\/www.ufuq.de\\\/en\\\/aktuelles\\\/en-fr-transforming-schools-into-labs-for-democracy-a-companion-to-preventing-violent-radicalisation-through-education\\\/#primaryimage\"},\"thumbnailUrl\":\"https:\\\/\\\/www.ufuq.de\\\/wp-content\\\/uploads\\\/2022\\\/03\\\/Cover-Compenium.png\",\"keywords\":[\"\u00e9coles\",\"pve\",\"radicalisation\",\"schools\"],\"inLanguage\":\"en-US\"},{\"@type\":\"WebPage\",\"@id\":\"https:\\\/\\\/www.ufuq.de\\\/en\\\/aktuelles\\\/en-fr-transforming-schools-into-labs-for-democracy-a-companion-to-preventing-violent-radicalisation-through-education\\\/\",\"url\":\"https:\\\/\\\/www.ufuq.de\\\/en\\\/aktuelles\\\/en-fr-transforming-schools-into-labs-for-democracy-a-companion-to-preventing-violent-radicalisation-through-education\\\/\",\"name\":\"(EN\\\/FR) Transforming schools into labs for democracy. A companion to preventing violent radicalisation through education &#8211; ufuq.de\",\"isPartOf\":{\"@id\":\"https:\\\/\\\/www.ufuq.de\\\/#website\"},\"primaryImageOfPage\":{\"@id\":\"https:\\\/\\\/www.ufuq.de\\\/en\\\/aktuelles\\\/en-fr-transforming-schools-into-labs-for-democracy-a-companion-to-preventing-violent-radicalisation-through-education\\\/#primaryimage\"},\"image\":{\"@id\":\"https:\\\/\\\/www.ufuq.de\\\/en\\\/aktuelles\\\/en-fr-transforming-schools-into-labs-for-democracy-a-companion-to-preventing-violent-radicalisation-through-education\\\/#primaryimage\"},\"thumbnailUrl\":\"https:\\\/\\\/www.ufuq.de\\\/wp-content\\\/uploads\\\/2022\\\/03\\\/Cover-Compenium.png\",\"datePublished\":\"2019-03-31T11:28:45+00:00\",\"dateModified\":\"2022-03-18T11:44:38+00:00\",\"breadcrumb\":{\"@id\":\"https:\\\/\\\/www.ufuq.de\\\/en\\\/aktuelles\\\/en-fr-transforming-schools-into-labs-for-democracy-a-companion-to-preventing-violent-radicalisation-through-education\\\/#breadcrumb\"},\"inLanguage\":\"en-US\",\"potentialAction\":[{\"@type\":\"ReadAction\",\"target\":[\"https:\\\/\\\/www.ufuq.de\\\/en\\\/aktuelles\\\/en-fr-transforming-schools-into-labs-for-democracy-a-companion-to-preventing-violent-radicalisation-through-education\\\/\"]}]},{\"@type\":\"ImageObject\",\"inLanguage\":\"en-US\",\"@id\":\"https:\\\/\\\/www.ufuq.de\\\/en\\\/aktuelles\\\/en-fr-transforming-schools-into-labs-for-democracy-a-companion-to-preventing-violent-radicalisation-through-education\\\/#primaryimage\",\"url\":\"https:\\\/\\\/www.ufuq.de\\\/wp-content\\\/uploads\\\/2022\\\/03\\\/Cover-Compenium.png\",\"contentUrl\":\"https:\\\/\\\/www.ufuq.de\\\/wp-content\\\/uploads\\\/2022\\\/03\\\/Cover-Compenium.png\",\"width\":786,\"height\":1118},{\"@type\":\"BreadcrumbList\",\"@id\":\"https:\\\/\\\/www.ufuq.de\\\/en\\\/aktuelles\\\/en-fr-transforming-schools-into-labs-for-democracy-a-companion-to-preventing-violent-radicalisation-through-education\\\/#breadcrumb\",\"itemListElement\":[{\"@type\":\"ListItem\",\"position\":1,\"name\":\"Startseite\",\"item\":\"https:\\\/\\\/www.ufuq.de\\\/en\\\/\"},{\"@type\":\"ListItem\",\"position\":2,\"name\":\"(EN\\\/FR) Transforming schools into labs for democracy. A companion to preventing violent radicalisation through education\"}]},{\"@type\":\"WebSite\",\"@id\":\"https:\\\/\\\/www.ufuq.de\\\/#website\",\"url\":\"https:\\\/\\\/www.ufuq.de\\\/\",\"name\":\"ufuq.de\",\"description\":\"Politische Bildung und Pr\u00e4vention von religi\u00f6s begr\u00fcndeter Radikalisierung\",\"publisher\":{\"@id\":\"https:\\\/\\\/www.ufuq.de\\\/#organization\"},\"potentialAction\":[{\"@type\":\"SearchAction\",\"target\":{\"@type\":\"EntryPoint\",\"urlTemplate\":\"https:\\\/\\\/www.ufuq.de\\\/?s={search_term_string}\"},\"query-input\":{\"@type\":\"PropertyValueSpecification\",\"valueRequired\":true,\"valueName\":\"search_term_string\"}}],\"inLanguage\":\"en-US\"},{\"@type\":\"Organization\",\"@id\":\"https:\\\/\\\/www.ufuq.de\\\/#organization\",\"name\":\"Ufuq e. V.\",\"url\":\"https:\\\/\\\/www.ufuq.de\\\/\",\"logo\":{\"@type\":\"ImageObject\",\"inLanguage\":\"en-US\",\"@id\":\"https:\\\/\\\/www.ufuq.de\\\/#\\\/schema\\\/logo\\\/image\\\/\",\"url\":\"https:\\\/\\\/www.ufuq.de\\\/wp-content\\\/uploads\\\/2022\\\/03\\\/ufuq-Logo-weiss-auf-Orange_solo567x567-1.png\",\"contentUrl\":\"https:\\\/\\\/www.ufuq.de\\\/wp-content\\\/uploads\\\/2022\\\/03\\\/ufuq-Logo-weiss-auf-Orange_solo567x567-1.png\",\"width\":567,\"height\":567,\"caption\":\"Ufuq e. V.\"},\"image\":{\"@id\":\"https:\\\/\\\/www.ufuq.de\\\/#\\\/schema\\\/logo\\\/image\\\/\"},\"sameAs\":[\"https:\\\/\\\/www.facebook.com\\\/ufuq.de\",\"https:\\\/\\\/x.com\\\/ufuq_de\",\"https:\\\/\\\/www.instagram.com\\\/ufuq.de\"]},{\"@type\":\"Person\",\"@id\":\"https:\\\/\\\/www.ufuq.de\\\/#\\\/schema\\\/person\\\/22651c60c57e6a7696af82cd4557fcd3\",\"name\":\"G\u00f6tz Nordbruch\",\"image\":{\"@type\":\"ImageObject\",\"inLanguage\":\"en-US\",\"@id\":\"https:\\\/\\\/secure.gravatar.com\\\/avatar\\\/1a757329db5ab55f4b23a05bcf8aafd2e27922497298bfa14dea6d8859f1e4b7?s=96&d=mm&r=g\",\"url\":\"https:\\\/\\\/secure.gravatar.com\\\/avatar\\\/1a757329db5ab55f4b23a05bcf8aafd2e27922497298bfa14dea6d8859f1e4b7?s=96&d=mm&r=g\",\"contentUrl\":\"https:\\\/\\\/secure.gravatar.com\\\/avatar\\\/1a757329db5ab55f4b23a05bcf8aafd2e27922497298bfa14dea6d8859f1e4b7?s=96&d=mm&r=g\",\"caption\":\"G\u00f6tz Nordbruch\"}}]}<\/script>\n<!-- \/ Yoast SEO plugin. -->","yoast_head_json":{"title":"(EN\/FR) Transforming schools into labs for democracy. A companion to preventing violent radicalisation through education &#8211; ufuq.de","robots":{"index":"index","follow":"follow","max-snippet":"max-snippet:-1","max-image-preview":"max-image-preview:large","max-video-preview":"max-video-preview:-1"},"canonical":"https:\/\/www.ufuq.de\/en\/aktuelles\/en-fr-transforming-schools-into-labs-for-democracy-a-companion-to-preventing-violent-radicalisation-through-education\/","og_locale":"en_US","og_type":"article","og_title":"(EN\/FR) Transforming schools into labs for democracy. A companion to preventing violent radicalisation through education &#8211; ufuq.de","og_description":"In March 2015, nearly 100 teachers and other educators from EU Member States published a manifesto containing 24 recommendations for preventing radicalisation leading to violent extremism. That same month, the Paris Declaration stressed: \u2018The primary purpose of education is not only to develop knowledge, skills, competencies and attitudes and to embed fundamental values, but also [&hellip;]","og_url":"https:\/\/www.ufuq.de\/en\/aktuelles\/en-fr-transforming-schools-into-labs-for-democracy-a-companion-to-preventing-violent-radicalisation-through-education\/","og_site_name":"ufuq.de","article_publisher":"https:\/\/www.facebook.com\/ufuq.de","article_published_time":"2019-03-31T11:28:45+00:00","article_modified_time":"2022-03-18T11:44:38+00:00","og_image":[{"width":786,"height":1118,"url":"https:\/\/www.ufuq.de\/wp-content\/uploads\/2022\/03\/Cover-Compenium.png","type":"image\/png"}],"author":"G\u00f6tz Nordbruch","twitter_card":"summary_large_image","twitter_creator":"@ufuq_de","twitter_site":"@ufuq_de","twitter_misc":{"Written by":"G\u00f6tz Nordbruch","Est. reading time":"1 minute"},"schema":{"@context":"https:\/\/schema.org","@graph":[{"@type":"Article","@id":"https:\/\/www.ufuq.de\/en\/aktuelles\/en-fr-transforming-schools-into-labs-for-democracy-a-companion-to-preventing-violent-radicalisation-through-education\/#article","isPartOf":{"@id":"https:\/\/www.ufuq.de\/en\/aktuelles\/en-fr-transforming-schools-into-labs-for-democracy-a-companion-to-preventing-violent-radicalisation-through-education\/"},"author":{"name":"G\u00f6tz Nordbruch","@id":"https:\/\/www.ufuq.de\/#\/schema\/person\/22651c60c57e6a7696af82cd4557fcd3"},"headline":"(EN\/FR) Transforming schools into labs for democracy. A companion to preventing violent radicalisation through education","datePublished":"2019-03-31T11:28:45+00:00","dateModified":"2022-03-18T11:44:38+00:00","mainEntityOfPage":{"@id":"https:\/\/www.ufuq.de\/en\/aktuelles\/en-fr-transforming-schools-into-labs-for-democracy-a-companion-to-preventing-violent-radicalisation-through-education\/"},"wordCount":314,"publisher":{"@id":"https:\/\/www.ufuq.de\/#organization"},"image":{"@id":"https:\/\/www.ufuq.de\/en\/aktuelles\/en-fr-transforming-schools-into-labs-for-democracy-a-companion-to-preventing-violent-radicalisation-through-education\/#primaryimage"},"thumbnailUrl":"https:\/\/www.ufuq.de\/wp-content\/uploads\/2022\/03\/Cover-Compenium.png","keywords":["\u00e9coles","pve","radicalisation","schools"],"inLanguage":"en-US"},{"@type":"WebPage","@id":"https:\/\/www.ufuq.de\/en\/aktuelles\/en-fr-transforming-schools-into-labs-for-democracy-a-companion-to-preventing-violent-radicalisation-through-education\/","url":"https:\/\/www.ufuq.de\/en\/aktuelles\/en-fr-transforming-schools-into-labs-for-democracy-a-companion-to-preventing-violent-radicalisation-through-education\/","name":"(EN\/FR) Transforming schools into labs for democracy. A companion to preventing violent radicalisation through education &#8211; ufuq.de","isPartOf":{"@id":"https:\/\/www.ufuq.de\/#website"},"primaryImageOfPage":{"@id":"https:\/\/www.ufuq.de\/en\/aktuelles\/en-fr-transforming-schools-into-labs-for-democracy-a-companion-to-preventing-violent-radicalisation-through-education\/#primaryimage"},"image":{"@id":"https:\/\/www.ufuq.de\/en\/aktuelles\/en-fr-transforming-schools-into-labs-for-democracy-a-companion-to-preventing-violent-radicalisation-through-education\/#primaryimage"},"thumbnailUrl":"https:\/\/www.ufuq.de\/wp-content\/uploads\/2022\/03\/Cover-Compenium.png","datePublished":"2019-03-31T11:28:45+00:00","dateModified":"2022-03-18T11:44:38+00:00","breadcrumb":{"@id":"https:\/\/www.ufuq.de\/en\/aktuelles\/en-fr-transforming-schools-into-labs-for-democracy-a-companion-to-preventing-violent-radicalisation-through-education\/#breadcrumb"},"inLanguage":"en-US","potentialAction":[{"@type":"ReadAction","target":["https:\/\/www.ufuq.de\/en\/aktuelles\/en-fr-transforming-schools-into-labs-for-democracy-a-companion-to-preventing-violent-radicalisation-through-education\/"]}]},{"@type":"ImageObject","inLanguage":"en-US","@id":"https:\/\/www.ufuq.de\/en\/aktuelles\/en-fr-transforming-schools-into-labs-for-democracy-a-companion-to-preventing-violent-radicalisation-through-education\/#primaryimage","url":"https:\/\/www.ufuq.de\/wp-content\/uploads\/2022\/03\/Cover-Compenium.png","contentUrl":"https:\/\/www.ufuq.de\/wp-content\/uploads\/2022\/03\/Cover-Compenium.png","width":786,"height":1118},{"@type":"BreadcrumbList","@id":"https:\/\/www.ufuq.de\/en\/aktuelles\/en-fr-transforming-schools-into-labs-for-democracy-a-companion-to-preventing-violent-radicalisation-through-education\/#breadcrumb","itemListElement":[{"@type":"ListItem","position":1,"name":"Startseite","item":"https:\/\/www.ufuq.de\/en\/"},{"@type":"ListItem","position":2,"name":"(EN\/FR) Transforming schools into labs for democracy. A companion to preventing violent radicalisation through education"}]},{"@type":"WebSite","@id":"https:\/\/www.ufuq.de\/#website","url":"https:\/\/www.ufuq.de\/","name":"ufuq.de","description":"Politische Bildung und Pr\u00e4vention von religi\u00f6s begr\u00fcndeter Radikalisierung","publisher":{"@id":"https:\/\/www.ufuq.de\/#organization"},"potentialAction":[{"@type":"SearchAction","target":{"@type":"EntryPoint","urlTemplate":"https:\/\/www.ufuq.de\/?s={search_term_string}"},"query-input":{"@type":"PropertyValueSpecification","valueRequired":true,"valueName":"search_term_string"}}],"inLanguage":"en-US"},{"@type":"Organization","@id":"https:\/\/www.ufuq.de\/#organization","name":"Ufuq e. V.","url":"https:\/\/www.ufuq.de\/","logo":{"@type":"ImageObject","inLanguage":"en-US","@id":"https:\/\/www.ufuq.de\/#\/schema\/logo\/image\/","url":"https:\/\/www.ufuq.de\/wp-content\/uploads\/2022\/03\/ufuq-Logo-weiss-auf-Orange_solo567x567-1.png","contentUrl":"https:\/\/www.ufuq.de\/wp-content\/uploads\/2022\/03\/ufuq-Logo-weiss-auf-Orange_solo567x567-1.png","width":567,"height":567,"caption":"Ufuq e. V."},"image":{"@id":"https:\/\/www.ufuq.de\/#\/schema\/logo\/image\/"},"sameAs":["https:\/\/www.facebook.com\/ufuq.de","https:\/\/x.com\/ufuq_de","https:\/\/www.instagram.com\/ufuq.de"]},{"@type":"Person","@id":"https:\/\/www.ufuq.de\/#\/schema\/person\/22651c60c57e6a7696af82cd4557fcd3","name":"G\u00f6tz Nordbruch","image":{"@type":"ImageObject","inLanguage":"en-US","@id":"https:\/\/secure.gravatar.com\/avatar\/1a757329db5ab55f4b23a05bcf8aafd2e27922497298bfa14dea6d8859f1e4b7?s=96&d=mm&r=g","url":"https:\/\/secure.gravatar.com\/avatar\/1a757329db5ab55f4b23a05bcf8aafd2e27922497298bfa14dea6d8859f1e4b7?s=96&d=mm&r=g","contentUrl":"https:\/\/secure.gravatar.com\/avatar\/1a757329db5ab55f4b23a05bcf8aafd2e27922497298bfa14dea6d8859f1e4b7?s=96&d=mm&r=g","caption":"G\u00f6tz Nordbruch"}}]}},"_links":{"self":[{"href":"https:\/\/www.ufuq.de\/en\/wp-json\/wp\/v2\/posts\/27702","targetHints":{"allow":["GET"]}}],"collection":[{"href":"https:\/\/www.ufuq.de\/en\/wp-json\/wp\/v2\/posts"}],"about":[{"href":"https:\/\/www.ufuq.de\/en\/wp-json\/wp\/v2\/types\/post"}],"author":[{"embeddable":true,"href":"https:\/\/www.ufuq.de\/en\/wp-json\/wp\/v2\/users\/5"}],"replies":[{"embeddable":true,"href":"https:\/\/www.ufuq.de\/en\/wp-json\/wp\/v2\/comments?post=27702"}],"version-history":[{"count":0,"href":"https:\/\/www.ufuq.de\/en\/wp-json\/wp\/v2\/posts\/27702\/revisions"}],"wp:featuredmedia":[{"embeddable":true,"href":"https:\/\/www.ufuq.de\/en\/wp-json\/wp\/v2\/media\/27703"}],"wp:attachment":[{"href":"https:\/\/www.ufuq.de\/en\/wp-json\/wp\/v2\/media?parent=27702"}],"wp:term":[{"taxonomy":"category","embeddable":true,"href":"https:\/\/www.ufuq.de\/en\/wp-json\/wp\/v2\/categories?post=27702"},{"taxonomy":"post_tag","embeddable":true,"href":"https:\/\/www.ufuq.de\/en\/wp-json\/wp\/v2\/tags?post=27702"}],"curies":[{"name":"wp","href":"https:\/\/api.w.org\/{rel}","templated":true}]}}